{"id":20693044,"date":"2022-09-04T15:01:23","date_gmt":"2022-09-04T13:01:23","guid":{"rendered":"https:\/\/www.th-bl.de\/produktedschungel\/?p=20693044"},"modified":"2022-09-04T15:01:26","modified_gmt":"2022-09-04T13:01:26","slug":"testbericht-zum-no-color-setting-powder-von-artdeco","status":"publish","type":"post","link":"https:\/\/www.th-bl.de\/produktedschungel\/2022\/09\/20693044","title":{"rendered":"Testbericht zum No Color Setting Powder von Artdeco"},"content":{"rendered":"\n<p><strong>Matter Teint dank dem No Color Setting Powder von Artdeco!<\/strong><\/p>\n\n\n\n<p><em>*Werbung: Das Produkt wurden mir kosten- und verg\u00fctungslos zur Verf\u00fcgung gestellt. Bedingung: Einen ehrlichen Bericht verfassen.*<\/em> <\/p>\n\n\n\n<p>F\u00fcr Artdeco friends of Beauty durfte ich das No Color Setting Powder testen und heute, nachdem ich es gut einen Monat getestet habe, stelle ich es euch vor.<\/p>\n\n\n\n<figure class=\"wp-block-image size-full\"><img loading=\"lazy\" decoding=\"async\" width=\"736\" height=\"982\" src=\"https:\/\/www.th-bl.de\/produktedschungel\/wp-content\/uploads\/2022\/09\/asettingp1.jpg\" alt=\"Umverpackung des Setting Powders\" class=\"wp-image-20693049\" srcset=\"https:\/\/www.th-bl.de\/produktedschungel\/wp-content\/uploads\/2022\/09\/asettingp1.jpg 736w, https:\/\/www.th-bl.de\/produktedschungel\/wp-content\/uploads\/2022\/09\/asettingp1-225x300.jpg 225w\" sizes=\"auto, (max-width: 736px) 100vw, 736px\" \/><figcaption>Umverpackung des Setting Powders<\/figcaption><\/figure>\n\n\n\n<h2 class=\"wp-block-heading\">Produkt und Herstellerversprechen<\/h2>\n\n\n\n<p>Das Setting Powder von Artdeco ist, wie der vollst\u00e4ndige Name es schon sagt, transparent. Es ist ein Fixier Puder, welches den Teint mattiert, ohne die Farbe zu ver\u00e4ndern. Die Textur an sich soll cremig sein, so dass sich die Haut auch nach dem Auftragen gut anf\u00fchlt und nicht austrocknet. Das Licht soll durch das Puder reflektiert werden, so dass der Teint auch bei unterschiedlichen Lichtquellen makellos wirkt. Parabene, Mineral\u00f6le und Silikone sind nicht erhalten, das Puder kostet ca. 18\u20ac. <\/p>\n\n\n\n<figure class=\"wp-block-image size-large\"><img loading=\"lazy\" decoding=\"async\" width=\"1024\" height=\"768\" src=\"https:\/\/www.th-bl.de\/produktedschungel\/wp-content\/uploads\/2022\/09\/asettingp2-1024x768.jpg\" alt=\"Dose mit Puder und Schwamm\" class=\"wp-image-20693048\" srcset=\"https:\/\/www.th-bl.de\/produktedschungel\/wp-content\/uploads\/2022\/09\/asettingp2-1024x768.jpg 1024w, https:\/\/www.th-bl.de\/produktedschungel\/wp-content\/uploads\/2022\/09\/asettingp2-300x225.jpg 300w, https:\/\/www.th-bl.de\/produktedschungel\/wp-content\/uploads\/2022\/09\/asettingp2-768x576.jpg 768w, https:\/\/www.th-bl.de\/produktedschungel\/wp-content\/uploads\/2022\/09\/asettingp2.jpg 1146w\" sizes=\"auto, (max-width: 1024px) 100vw, 1024px\" \/><figcaption>Dose mit Puder und Schwamm<\/figcaption><\/figure>\n\n\n\n<h2 class=\"wp-block-heading\">Meine Erfahrung<\/h2>\n\n\n\n<p>Eine Zeit lang habe ich versucht mein Make-Up mit Spray zu fixieren, aber dadurch war der Teint schnell wieder gl\u00e4nzend und so wirklich gut gehalten haben die verschiedenen Sprays auch nicht. Daher war ich umso gespannter auf das Setting Powder von Artdeco. Es wird in einem Pappkarton geliert, darin befinden sich eine Dose mit dem Puder und extra ein Schwamm zum Auftragen. Dass es f\u00fcr diesen Schwamm keine M\u00f6glichkeit zur Aufbewahrung gibt, finde ich sehr schade. <\/p>\n\n\n\n<figure class=\"wp-block-image size-large\"><img loading=\"lazy\" decoding=\"async\" width=\"768\" height=\"1024\" src=\"https:\/\/www.th-bl.de\/produktedschungel\/wp-content\/uploads\/2022\/09\/asettingp3-768x1024.jpg\" alt=\"No Color Setting Powder von Artdeco\" class=\"wp-image-20693047\" srcset=\"https:\/\/www.th-bl.de\/produktedschungel\/wp-content\/uploads\/2022\/09\/asettingp3-768x1025.jpg 768w, https:\/\/www.th-bl.de\/produktedschungel\/wp-content\/uploads\/2022\/09\/asettingp3-225x300.jpg 225w, https:\/\/www.th-bl.de\/produktedschungel\/wp-content\/uploads\/2022\/09\/asettingp3.jpg 859w\" sizes=\"auto, (max-width: 768px) 100vw, 768px\" \/><figcaption>No Color Setting Powder von Artdeco<\/figcaption><\/figure>\n\n\n\n<p>Das Puder selbst sieht wei\u00df aus. Mit dem mitgelieferten Schwamm l\u00e4sst es sich gut auftragen. Die Haut ist dann sofort matt und wirkt auch frisch und ebenm\u00e4\u00dfig. Das Hautgef\u00fchl ist etwas gew\u00f6hnungsbed\u00fcrftig, die Haut f\u00fchlt sich zwar weich, auch auch etwas trocken an. Gut, es wurde halt Puder aufgetragen. Das Aussehen gef\u00e4llt mir aber sehr gut, davon war ich vom ersten Tag an begeistert. <\/p>\n\n\n\n<figure class=\"wp-block-image size-large\"><img loading=\"lazy\" decoding=\"async\" width=\"768\" height=\"1024\" src=\"https:\/\/www.th-bl.de\/produktedschungel\/wp-content\/uploads\/2022\/09\/asettingp4-768x1024.jpg\" alt=\"Vorher Bild\" class=\"wp-image-20693046\" srcset=\"https:\/\/www.th-bl.de\/produktedschungel\/wp-content\/uploads\/2022\/09\/asettingp4-768x1024.jpg 768w, https:\/\/www.th-bl.de\/produktedschungel\/wp-content\/uploads\/2022\/09\/asettingp4-225x300.jpg 225w, https:\/\/www.th-bl.de\/produktedschungel\/wp-content\/uploads\/2022\/09\/asettingp4-1152x1536.jpg 1152w, https:\/\/www.th-bl.de\/produktedschungel\/wp-content\/uploads\/2022\/09\/asettingp4.jpg 1370w\" sizes=\"auto, (max-width: 768px) 100vw, 768px\" \/><figcaption>Vorher Bild<\/figcaption><\/figure>\n\n\n\n<p>Die Haltbarkeit des Setting Powders finde ich ebenfalls sehr gut. Man muss bedenken, dass es den ganzen August \u00fcber sehr warm war und somit habe ich viel geschwitzt. Die Testbedingungen waren also extrem. Mein Make-Up sah aber immer gut aus. Gegen Abend etwas schw\u00e4cher im Sinne weniger deckend, aber das kenne ich auch ganz anders: Dann war n\u00e4mlich nach ein paar Stunden gar kein Make-Up mehr da. Somit fixiert das Puder schon ganz gut. Die Vorher-Nachher Bilder sind gestern entstanden. Da war es bei uns wieder sehr warm, ich hatte etwas Garten Arbeit gemacht, wodurch ich ins Schwitzen gekommen bin und Abends ging es auf eine Party. Daf\u00fcr finde ich hat sich das Make-Up ganz gut gehalten. Die T-Zone gl\u00e4nzt leider wieder und ist nicht mehr so sch\u00f6n matt. Im Vergleich zu Sprays finde ich das Ergebnis aber sehr viel besser. Zwischen den Bildern liegen ca. 13 Stunden. <\/p>\n\n\n\n<figure class=\"wp-block-image size-large\"><img loading=\"lazy\" decoding=\"async\" width=\"768\" height=\"1024\" src=\"https:\/\/www.th-bl.de\/produktedschungel\/wp-content\/uploads\/2022\/09\/asettingp5-768x1024.jpg\" alt=\"Nachher Bild\" class=\"wp-image-20693045\" srcset=\"https:\/\/www.th-bl.de\/produktedschungel\/wp-content\/uploads\/2022\/09\/asettingp5-768x1024.jpg 768w, https:\/\/www.th-bl.de\/produktedschungel\/wp-content\/uploads\/2022\/09\/asettingp5-225x300.jpg 225w, https:\/\/www.th-bl.de\/produktedschungel\/wp-content\/uploads\/2022\/09\/asettingp5-1152x1536.jpg 1152w, https:\/\/www.th-bl.de\/produktedschungel\/wp-content\/uploads\/2022\/09\/asettingp5.jpg 1370w\" sizes=\"auto, (max-width: 768px) 100vw, 768px\" \/><figcaption>Nachher Bild<\/figcaption><\/figure>\n\n\n\n<h2 class=\"wp-block-heading\">Fazit<\/h2>\n\n\n\n<p>Den Preis finde ich etwas hoch, aber ich bin doch versucht, das Puder nachzukaufen, da es bisher am besten das Make-Up fixiert. <\/p>\n","protected":false},"excerpt":{"rendered":"<p>Matter Teint dank dem No Color Setting Powder von Artdeco! F\u00fcr Artdeco friends of Beauty durfte ich das No Color Setting Powder [&hellip;]<\/p>\n","protected":false},"author":2,"featured_media":0,"comment_status":"open","ping_status":"open","sticky":false,"template":"","format":"standard","meta":{"_exactmetrics_skip_tracking":false,"_exactmetrics_sitenote_active":false,"_exactmetrics_sitenote_note":"","_exactmetrics_sitenote_category":0,"footnotes":""},"categories":[14],"tags":[94,1575,888,891,898,1320,1087,1172],"class_list":["post-20693044","post","type-post","status-publish","format-standard","hentry","category-kosmetik","tag-artdeco","tag-no-setting-color-powder","tag-produkttest","tag-produktvorstellung","tag-puder","tag-review","tag-testbericht","tag-werbung","col-md-12"],"aioseo_notices":[],"_links":{"self":[{"href":"https:\/\/www.th-bl.de\/produktedschungel\/wp-json\/wp\/v2\/posts\/20693044","targetHints":{"allow":["GET"]}}],"collection":[{"href":"https:\/\/www.th-bl.de\/produktedschungel\/wp-json\/wp\/v2\/posts"}],"about":[{"href":"https:\/\/www.th-bl.de\/produktedschungel\/wp-json\/wp\/v2\/types\/post"}],"author":[{"embeddable":true,"href":"https:\/\/www.th-bl.de\/produktedschungel\/wp-json\/wp\/v2\/users\/2"}],"replies":[{"embeddable":true,"href":"https:\/\/www.th-bl.de\/produktedschungel\/wp-json\/wp\/v2\/comments?post=20693044"}],"version-history":[{"count":1,"href":"https:\/\/www.th-bl.de\/produktedschungel\/wp-json\/wp\/v2\/posts\/20693044\/revisions"}],"predecessor-version":[{"id":20693050,"href":"https:\/\/www.th-bl.de\/produktedschungel\/wp-json\/wp\/v2\/posts\/20693044\/revisions\/20693050"}],"wp:attachment":[{"href":"https:\/\/www.th-bl.de\/produktedschungel\/wp-json\/wp\/v2\/media?parent=20693044"}],"wp:term":[{"taxonomy":"category","embeddable":true,"href":"https:\/\/www.th-bl.de\/produktedschungel\/wp-json\/wp\/v2\/categories?post=20693044"},{"taxonomy":"post_tag","embeddable":true,"href":"https:\/\/www.th-bl.de\/produktedschungel\/wp-json\/wp\/v2\/tags?post=20693044"}],"curies":[{"name":"wp","href":"https:\/\/api.w.org\/{rel}","templated":true}]}}