{"id":20695154,"date":"2026-03-08T14:32:12","date_gmt":"2026-03-08T13:32:12","guid":{"rendered":"https:\/\/www.th-bl.de\/produktedschungel\/?p=20695154"},"modified":"2026-03-08T14:32:13","modified_gmt":"2026-03-08T13:32:13","slug":"testbericht-zur-syoss-intense-glaze-haarpflegeserie-trnd","status":"publish","type":"post","link":"https:\/\/www.th-bl.de\/produktedschungel\/2026\/03\/20695154","title":{"rendered":"Testbericht zur Syoss Intense Glaze Haarpflegeserie (Trnd)"},"content":{"rendered":"\n<p>Soll f\u00fcr ein intensives Glanz Finish sorgen: Die Syoss Intense Glaze Haarpflegeserie.<\/p>\n\n\n\n<p><em>*Werbung: Das Produkt wurden mir kosten- und verg\u00fctungslos zur Verf\u00fcgung gestellt. Bedingung: Einen ehrlichen Bericht verfassen.*<\/em> <\/p>\n\n\n\n<p>F\u00fcr Trend darf ich die Syoss Intense Glaze Haarpflegeserie, bestehend aus Shampoo, Sp\u00fclung, Haarkur, Leave-in Serum, Primer und Haarspray, testen. Ich nutze die Produkte nun gut 6 Wochen und m\u00f6chte heute meine Erfahrungen mit euch teilen.<\/p>\n\n\n\n<figure class=\"wp-block-image size-full\"><img loading=\"lazy\" decoding=\"async\" width=\"614\" height=\"819\" src=\"https:\/\/www.th-bl.de\/produktedschungel\/wp-content\/uploads\/2026\/03\/syossglaze1.jpg\" alt=\"Syoss Intense Glaze Haarpflegeserie\" class=\"wp-image-20695166\" srcset=\"https:\/\/www.th-bl.de\/produktedschungel\/wp-content\/uploads\/2026\/03\/syossglaze1.jpg 614w, https:\/\/www.th-bl.de\/produktedschungel\/wp-content\/uploads\/2026\/03\/syossglaze1-225x300.jpg 225w, https:\/\/www.th-bl.de\/produktedschungel\/wp-content\/uploads\/2026\/03\/syossglaze1-500x667.jpg 500w\" sizes=\"auto, (max-width: 614px) 100vw, 614px\" \/><figcaption class=\"wp-element-caption\">Syoss Intense Glaze Haarpflegeserie<\/figcaption><\/figure>\n\n\n\n<h2 class=\"wp-block-heading\">Produkt und Herstellerversprechen<\/h2>\n\n\n\n<p>Insgesamt soll die Syoss Intense Glaze Haarpflegeserie f\u00fcr einen intensiven Glanz sorgen. Sie sollen f\u00fcr einen Laminations Effekt der Haare sorgen, wodurch ein gl\u00e4nzendes Finish erzeugt werden soll. In fast allen Produkten befindet sich ein Silizium-Glanz-Komplex, der die Haare von innen st\u00e4rken soll. Zudem soll die Haarpflegeserie Frizz kontrollieren. Das Shampoo kostet knapp 4\u20ac. Ihr erhaltet 440ml in einer Flasche mit Pumpspender. Die Sp\u00fclung kostet 4,50\u20ac und ihr erhaltet sie in einer Tube mit 250ml. Die Kur kostet 8\u20ac und ihr bekommt sie in einer Flasche mit 200ml Inhalt. Das Serum kostet 7\u20ac und kommt ebenfalls in einer Flasche mit Pumpspender daher. Es befinden sich 100ml in der Flasche. Der Primer kostet 6\u20ac. Ihr bekommt 150ml in einer Flasche mit Spr\u00fchaufsatz. Das Haarspray kostet knapp 5\u20ac und in der klassischen Haarspraydose befinden sich 300ml.<\/p>\n\n\n\n<h2 class=\"wp-block-heading\">Meine Erfahrung<\/h2>\n\n\n\n<p>Wer hat nicht gerne Haare die intensiv gl\u00e4nzen und frei von Frizz sind? Also mein Traum w\u00e4re das schon, daher habe ich mich sehr gefreut, die Syoss Intense Glaze Haarpflegeserie zu testen. Die schwarzen Verpackungen mit der silbernen Schrift finde ich schon mal sehr ansprechend. <\/p>\n\n\n\n<figure class=\"wp-block-image size-full\"><img loading=\"lazy\" decoding=\"async\" width=\"614\" height=\"819\" src=\"https:\/\/www.th-bl.de\/produktedschungel\/wp-content\/uploads\/2026\/03\/syossglaze2.jpg\" alt=\"Intense Glaze Shampoo\" class=\"wp-image-20695165\" srcset=\"https:\/\/www.th-bl.de\/produktedschungel\/wp-content\/uploads\/2026\/03\/syossglaze2.jpg 614w, https:\/\/www.th-bl.de\/produktedschungel\/wp-content\/uploads\/2026\/03\/syossglaze2-225x300.jpg 225w, https:\/\/www.th-bl.de\/produktedschungel\/wp-content\/uploads\/2026\/03\/syossglaze2-500x667.jpg 500w\" sizes=\"auto, (max-width: 614px) 100vw, 614px\" \/><figcaption class=\"wp-element-caption\">Intense Glaze Shampoo<\/figcaption><\/figure>\n\n\n\n<p>Das Shampoo l\u00e4sst sich gut ins nasse Haar einmassieren und auch wieder auswaschen. Den Pumpspender finde ich pers\u00f6nlich sehr praktisch. Meine Haare werden sauber, aber Haarbruch kann das Shampoo nicht vermeiden.<\/p>\n\n\n\n<figure class=\"wp-block-image size-full\"><img loading=\"lazy\" decoding=\"async\" width=\"614\" height=\"819\" src=\"https:\/\/www.th-bl.de\/produktedschungel\/wp-content\/uploads\/2026\/03\/syossglaze3.jpg\" alt=\"Intense Glaze Sp\u00fclung\" class=\"wp-image-20695164\" srcset=\"https:\/\/www.th-bl.de\/produktedschungel\/wp-content\/uploads\/2026\/03\/syossglaze3.jpg 614w, https:\/\/www.th-bl.de\/produktedschungel\/wp-content\/uploads\/2026\/03\/syossglaze3-225x300.jpg 225w, https:\/\/www.th-bl.de\/produktedschungel\/wp-content\/uploads\/2026\/03\/syossglaze3-500x667.jpg 500w\" sizes=\"auto, (max-width: 614px) 100vw, 614px\" \/><figcaption class=\"wp-element-caption\">Intense Glaze Sp\u00fclung<\/figcaption><\/figure>\n\n\n\n<p>Die Sp\u00fclung l\u00e4sst sich ebenfalls gut anwenden. Ich finde das Mengenverh\u00e4ltnis zwischen Sp\u00fclung und Shampoo etwas merkw\u00fcrdig: Die Sp\u00fclung hat fast 200ml weniger Inhalt. Eigentlich br\u00e4uchte man zwei Packungen Sp\u00fclung. Zumindest ich verwende beim Haarewaschen immer beide Produkte.<\/p>\n\n\n\n<figure class=\"wp-block-image size-full\"><img loading=\"lazy\" decoding=\"async\" width=\"614\" height=\"819\" src=\"https:\/\/www.th-bl.de\/produktedschungel\/wp-content\/uploads\/2026\/03\/syossglaze4.jpg\" alt=\"Intense Glaze Kur\" class=\"wp-image-20695163\" srcset=\"https:\/\/www.th-bl.de\/produktedschungel\/wp-content\/uploads\/2026\/03\/syossglaze4.jpg 614w, https:\/\/www.th-bl.de\/produktedschungel\/wp-content\/uploads\/2026\/03\/syossglaze4-225x300.jpg 225w, https:\/\/www.th-bl.de\/produktedschungel\/wp-content\/uploads\/2026\/03\/syossglaze4-500x667.jpg 500w\" sizes=\"auto, (max-width: 614px) 100vw, 614px\" \/><figcaption class=\"wp-element-caption\">Intense Glaze Kur<\/figcaption><\/figure>\n\n\n\n<p>Die Kur massiere ich auch einfach ein und kann sie gut auswaschen. Die Flaschenform finde ich nicht so gut, es wird schwierig, das Produkt restlos aufzubrauchen. Dosen oder meinetwegen eine Tube finde ich das besser.<\/p>\n\n\n\n<figure class=\"wp-block-image size-full\"><img loading=\"lazy\" decoding=\"async\" width=\"614\" height=\"819\" src=\"https:\/\/www.th-bl.de\/produktedschungel\/wp-content\/uploads\/2026\/03\/syossglaze5.jpg\" alt=\"Intense Glaze Serum\" class=\"wp-image-20695162\" srcset=\"https:\/\/www.th-bl.de\/produktedschungel\/wp-content\/uploads\/2026\/03\/syossglaze5.jpg 614w, https:\/\/www.th-bl.de\/produktedschungel\/wp-content\/uploads\/2026\/03\/syossglaze5-225x300.jpg 225w, https:\/\/www.th-bl.de\/produktedschungel\/wp-content\/uploads\/2026\/03\/syossglaze5-500x667.jpg 500w\" sizes=\"auto, (max-width: 614px) 100vw, 614px\" \/><figcaption class=\"wp-element-caption\">Intense Glaze Serum<\/figcaption><\/figure>\n\n\n\n<p>Das Serum wird ins handtuchtrockene Haar einmassiert. Daher benutze ich es auch nach jeder Haarw\u00e4sche. Dieses Produkt restlos aufzubrauchen wird vermutlich unm\u00f6glich sein, da sich das Serum in einer Glasflasche befindet. Plastik kann ich aufschneiden, aber hier wird es schwierig.<\/p>\n\n\n\n<figure class=\"wp-block-image size-full\"><img loading=\"lazy\" decoding=\"async\" width=\"614\" height=\"819\" src=\"https:\/\/www.th-bl.de\/produktedschungel\/wp-content\/uploads\/2026\/03\/syossglaze6.jpg\" alt=\"Intense Glaze Primer\" class=\"wp-image-20695161\" srcset=\"https:\/\/www.th-bl.de\/produktedschungel\/wp-content\/uploads\/2026\/03\/syossglaze6.jpg 614w, https:\/\/www.th-bl.de\/produktedschungel\/wp-content\/uploads\/2026\/03\/syossglaze6-225x300.jpg 225w, https:\/\/www.th-bl.de\/produktedschungel\/wp-content\/uploads\/2026\/03\/syossglaze6-500x667.jpg 500w\" sizes=\"auto, (max-width: 614px) 100vw, 614px\" \/><figcaption class=\"wp-element-caption\">Intense Glaze Primer<\/figcaption><\/figure>\n\n\n\n<p>Der Primer soll die Haare auf das Styling vorbereiten und er hat einen Hitzeschutz. Daher verwende ich diesen nur, wenn ich mir auch wirklich die Haare f\u00f6hne. An Tagen, an denen ich im Homeoffice arbeite, lasse ich meine Haare so trocknen. Der Primer l\u00e4sst sich durch den Spr\u00fchaufsatz gut und gezielt auf den Haaren verteilen.<\/p>\n\n\n\n<figure class=\"wp-block-gallery has-nested-images columns-default is-cropped wp-block-gallery-1 is-layout-flex wp-block-gallery-is-layout-flex\">\n<figure class=\"wp-block-image size-large\"><img loading=\"lazy\" decoding=\"async\" width=\"614\" height=\"819\" data-id=\"20695160\" src=\"https:\/\/www.th-bl.de\/produktedschungel\/wp-content\/uploads\/2026\/03\/syossglaze7.jpg\" alt=\"Intense Glaze Haarspray\" class=\"wp-image-20695160\" srcset=\"https:\/\/www.th-bl.de\/produktedschungel\/wp-content\/uploads\/2026\/03\/syossglaze7.jpg 614w, https:\/\/www.th-bl.de\/produktedschungel\/wp-content\/uploads\/2026\/03\/syossglaze7-225x300.jpg 225w, https:\/\/www.th-bl.de\/produktedschungel\/wp-content\/uploads\/2026\/03\/syossglaze7-500x667.jpg 500w\" sizes=\"auto, (max-width: 614px) 100vw, 614px\" \/><figcaption class=\"wp-element-caption\">Intense Glaze Haarspray<\/figcaption><\/figure>\n\n\n\n<figure class=\"wp-block-image size-large\"><img loading=\"lazy\" decoding=\"async\" width=\"768\" height=\"1024\" data-id=\"20695156\" src=\"https:\/\/www.th-bl.de\/produktedschungel\/wp-content\/uploads\/2026\/03\/syossglaze11-768x1024.jpg\" alt=\"Anwendungsbild\" class=\"wp-image-20695156\" srcset=\"https:\/\/www.th-bl.de\/produktedschungel\/wp-content\/uploads\/2026\/03\/syossglaze11-768x1024.jpg 768w, https:\/\/www.th-bl.de\/produktedschungel\/wp-content\/uploads\/2026\/03\/syossglaze11-225x300.jpg 225w, https:\/\/www.th-bl.de\/produktedschungel\/wp-content\/uploads\/2026\/03\/syossglaze11-900x1200.jpg 900w, https:\/\/www.th-bl.de\/produktedschungel\/wp-content\/uploads\/2026\/03\/syossglaze11-500x666.jpg 500w, https:\/\/www.th-bl.de\/produktedschungel\/wp-content\/uploads\/2026\/03\/syossglaze11.jpg 979w\" sizes=\"auto, (max-width: 768px) 100vw, 768px\" \/><figcaption class=\"wp-element-caption\">Anwendungsbild<\/figcaption><\/figure>\n<\/figure>\n\n\n\n<p>Auch das Haarspray nutze ich nur bei Bedarf. Es soll von einiger Entfernung aus auf die Haare gespr\u00fcht werden. Dadurch wirken die Haaren dann auch nicht fettig. Es verklebt die Haare tats\u00e4chlich nicht und l\u00e4sst sich abends wieder gut ausb\u00fcrsten.<\/p>\n\n\n\n<figure class=\"wp-block-gallery has-nested-images columns-default is-cropped wp-block-gallery-2 is-layout-flex wp-block-gallery-is-layout-flex\">\n<figure class=\"wp-block-image size-large\"><img loading=\"lazy\" decoding=\"async\" width=\"614\" height=\"819\" data-id=\"20694778\" src=\"https:\/\/www.th-bl.de\/produktedschungel\/wp-content\/uploads\/2025\/08\/haarlaengenfiller6.jpg\" alt=\"Vorher Bild\" class=\"wp-image-20694778\" srcset=\"https:\/\/www.th-bl.de\/produktedschungel\/wp-content\/uploads\/2025\/08\/haarlaengenfiller6.jpg 614w, https:\/\/www.th-bl.de\/produktedschungel\/wp-content\/uploads\/2025\/08\/haarlaengenfiller6-225x300.jpg 225w, https:\/\/www.th-bl.de\/produktedschungel\/wp-content\/uploads\/2025\/08\/haarlaengenfiller6-500x667.jpg 500w\" sizes=\"auto, (max-width: 614px) 100vw, 614px\" \/><figcaption class=\"wp-element-caption\">Vorher Bild<\/figcaption><\/figure>\n\n\n\n<figure class=\"wp-block-image size-large\"><img loading=\"lazy\" decoding=\"async\" width=\"614\" height=\"819\" data-id=\"20695159\" src=\"https:\/\/www.th-bl.de\/produktedschungel\/wp-content\/uploads\/2026\/03\/syossglaze8.jpg\" alt=\"Nachher Bild\" class=\"wp-image-20695159\" srcset=\"https:\/\/www.th-bl.de\/produktedschungel\/wp-content\/uploads\/2026\/03\/syossglaze8.jpg 614w, https:\/\/www.th-bl.de\/produktedschungel\/wp-content\/uploads\/2026\/03\/syossglaze8-225x300.jpg 225w, https:\/\/www.th-bl.de\/produktedschungel\/wp-content\/uploads\/2026\/03\/syossglaze8-500x667.jpg 500w\" sizes=\"auto, (max-width: 614px) 100vw, 614px\" \/><figcaption class=\"wp-element-caption\">Nachher Bild<\/figcaption><\/figure>\n<\/figure>\n\n\n\n<p>Die Syoss Intense Glaze Haarpflegeserie soll ja nun f\u00fcr intensiven Glanz sorgen, wie sieht es damit aus? Leider bin ich entt\u00e4uscht. Bei &#8220;Glaze&#8221; und &#8220;Laminationseffekt&#8221; habe ich mir wirklich sch\u00f6n gl\u00e4nzende Haare vorgestellt. Das ist jedoch nicht der Fall. Frizz habe ich ebenfalls noch. Von der Serie hatte ich mir mehr erhofft.<\/p>\n\n\n\n<figure class=\"wp-block-gallery has-nested-images columns-default is-cropped wp-block-gallery-3 is-layout-flex wp-block-gallery-is-layout-flex\">\n<figure class=\"wp-block-image size-large\"><img loading=\"lazy\" decoding=\"async\" width=\"614\" height=\"819\" data-id=\"20695158\" src=\"https:\/\/www.th-bl.de\/produktedschungel\/wp-content\/uploads\/2026\/03\/syossglaze9.jpg\" alt=\"Detailbild der Haare\" class=\"wp-image-20695158\" srcset=\"https:\/\/www.th-bl.de\/produktedschungel\/wp-content\/uploads\/2026\/03\/syossglaze9.jpg 614w, https:\/\/www.th-bl.de\/produktedschungel\/wp-content\/uploads\/2026\/03\/syossglaze9-225x300.jpg 225w, https:\/\/www.th-bl.de\/produktedschungel\/wp-content\/uploads\/2026\/03\/syossglaze9-500x667.jpg 500w\" sizes=\"auto, (max-width: 614px) 100vw, 614px\" \/><figcaption class=\"wp-element-caption\">Detailbild der Haare<\/figcaption><\/figure>\n\n\n\n<figure class=\"wp-block-image size-large\"><img loading=\"lazy\" decoding=\"async\" width=\"614\" height=\"819\" data-id=\"20695157\" src=\"https:\/\/www.th-bl.de\/produktedschungel\/wp-content\/uploads\/2026\/03\/syossglaze10.jpg\" alt=\"Haare mit dem Haarspray fixiert\" class=\"wp-image-20695157\" srcset=\"https:\/\/www.th-bl.de\/produktedschungel\/wp-content\/uploads\/2026\/03\/syossglaze10.jpg 614w, https:\/\/www.th-bl.de\/produktedschungel\/wp-content\/uploads\/2026\/03\/syossglaze10-225x300.jpg 225w, https:\/\/www.th-bl.de\/produktedschungel\/wp-content\/uploads\/2026\/03\/syossglaze10-500x667.jpg 500w\" sizes=\"auto, (max-width: 614px) 100vw, 614px\" \/><figcaption class=\"wp-element-caption\">Haare mit dem Haarspray fixiert<\/figcaption><\/figure>\n<\/figure>\n\n\n\n<h2 class=\"wp-block-heading\">Fazit<\/h2>\n\n\n\n<p>Ich kann die Syoss Intense Glaze Haarpflegeserie nicht weiter empfehlen. Die Herstellerversprechen werden nicht gehalten und daf\u00fcr sind einige der Produkte auch etwas teuer.<\/p>\n","protected":false},"excerpt":{"rendered":"<p>Soll f\u00fcr ein intensives Glanz Finish sorgen: Die Syoss Intense Glaze Haarpflegeserie. F\u00fcr Trend darf ich die Syoss Intense Glaze Haarpflegeserie, bestehend [&hellip;]<\/p>\n","protected":false},"author":2,"featured_media":20695155,"comment_status":"open","ping_status":"open","sticky":false,"template":"","format":"standard","meta":{"_exactmetrics_skip_tracking":false,"_exactmetrics_sitenote_active":false,"_exactmetrics_sitenote_note":"","_exactmetrics_sitenote_category":0,"footnotes":""},"categories":[10],"tags":[888,891,1320,1370,1860,1087,1172],"class_list":["post-20695154","post","type-post","status-publish","format-standard","has-post-thumbnail","hentry","category-haare","tag-produkttest","tag-produktvorstellung","tag-review","tag-syoss","tag-syoss-intense-glaze-haarpflegeserie","tag-testbericht","tag-werbung","col-md-12"],"aioseo_notices":[],"_links":{"self":[{"href":"https:\/\/www.th-bl.de\/produktedschungel\/wp-json\/wp\/v2\/posts\/20695154","targetHints":{"allow":["GET"]}}],"collection":[{"href":"https:\/\/www.th-bl.de\/produktedschungel\/wp-json\/wp\/v2\/posts"}],"about":[{"href":"https:\/\/www.th-bl.de\/produktedschungel\/wp-json\/wp\/v2\/types\/post"}],"author":[{"embeddable":true,"href":"https:\/\/www.th-bl.de\/produktedschungel\/wp-json\/wp\/v2\/users\/2"}],"replies":[{"embeddable":true,"href":"https:\/\/www.th-bl.de\/produktedschungel\/wp-json\/wp\/v2\/comments?post=20695154"}],"version-history":[{"count":1,"href":"https:\/\/www.th-bl.de\/produktedschungel\/wp-json\/wp\/v2\/posts\/20695154\/revisions"}],"predecessor-version":[{"id":20695167,"href":"https:\/\/www.th-bl.de\/produktedschungel\/wp-json\/wp\/v2\/posts\/20695154\/revisions\/20695167"}],"wp:featuredmedia":[{"embeddable":true,"href":"https:\/\/www.th-bl.de\/produktedschungel\/wp-json\/wp\/v2\/media\/20695155"}],"wp:attachment":[{"href":"https:\/\/www.th-bl.de\/produktedschungel\/wp-json\/wp\/v2\/media?parent=20695154"}],"wp:term":[{"taxonomy":"category","embeddable":true,"href":"https:\/\/www.th-bl.de\/produktedschungel\/wp-json\/wp\/v2\/categories?post=20695154"},{"taxonomy":"post_tag","embeddable":true,"href":"https:\/\/www.th-bl.de\/produktedschungel\/wp-json\/wp\/v2\/tags?post=20695154"}],"curies":[{"name":"wp","href":"https:\/\/api.w.org\/{rel}","templated":true}]}}